{"id":20040,"date":"2025-05-08T16:10:55","date_gmt":"2025-05-08T14:10:55","guid":{"rendered":"https:\/\/www.wheeleo.eu\/das-wheeleo-nach-einer-amputation\/"},"modified":"2025-12-19T11:06:51","modified_gmt":"2025-12-19T10:06:51","slug":"das-wheeleo-nach-einer-amputation","status":"publish","type":"post","link":"https:\/\/www.wheeleo.eu\/de\/das-wheeleo-nach-einer-amputation\/","title":{"rendered":"Das Wheeleo\u00ae nach einer Amputation"},"content":{"rendered":"\n<figure class=\"wp-block-embed is-type-video is-provider-youtube wp-block-embed-youtube wp-embed-aspect-16-9 wp-has-aspect-ratio\"><div class=\"wp-block-embed__wrapper\">\n<iframe title=\"Le Wheeleo\u00ae\ufe0f suite \u00e0 une amputation\" width=\"563\" height=\"1000\" src=\"https:\/\/www.youtube.com\/embed\/sjmyDyzKwfU?feature=oembed\" frameborder=\"0\" allow=\"accelerometer; autoplay; clipboard-write; encrypted-media; gyroscope; picture-in-picture; web-share\" referrerpolicy=\"strict-origin-when-cross-origin\" allowfullscreen><\/iframe>\n<\/div><\/figure>\n\n<p>Entdecken Sie den Erfahrungsbericht dieser Dame, die einen Autounfall hatte und der leider ein Bein amputiert werden musste. W\u00e4hrend ihrer Rehabilitation entdeckt sie das Wheeleo\u00ae, obwohl sie mit ihren beiden Kr\u00fccken kaum gehen kann.  <\/p>\n\n<p>Der Effekt ist sofort sp\u00fcrbar! <\/p>\n\n<p>Sie geht, und das gut! Eine neue Welt \u00f6ffnet sich ihr! Eine Welt, in der sie ein St\u00fcck jener Freiheit zur\u00fcckgewinnt, die sie verloren hatte.  <\/p>\n","protected":false},"excerpt":{"rendered":"<p>Entdecken Sie den Erfahrungsbericht dieser Dame, die einen Autounfall hatte und der leider ein Bein amputiert werden musste. W\u00e4hrend ihrer Rehabilitation entdeckt sie das Wheeleo\u00ae, obwohl sie mit ihren beiden Kr\u00fccken kaum gehen kann. Der Effekt ist sofort sp\u00fcrbar! Sie geht, und das gut! Eine neue Welt \u00f6ffnet sich ihr! Eine Welt, in der sie [&hellip;]<\/p>\n","protected":false},"author":1,"featured_media":20041,"comment_status":"closed","ping_status":"closed","sticky":false,"template":"","format":"standard","meta":{"footnotes":""},"categories":[403],"tags":[],"profils-type":[],"expertise":[405],"situation":[408],"profils-et-pathologies":[431],"class_list":["post-20040","post","type-post","status-publish","format-standard","has-post-thumbnail","hentry","category-referenzen","expertise-benutzerberichte","situation-hausliche-pflege","profils-et-pathologies-amputation-mit-prothese"],"_links":{"self":[{"href":"https:\/\/www.wheeleo.eu\/de\/wp-json\/wp\/v2\/posts\/20040","targetHints":{"allow":["GET"]}}],"collection":[{"href":"https:\/\/www.wheeleo.eu\/de\/wp-json\/wp\/v2\/posts"}],"about":[{"href":"https:\/\/www.wheeleo.eu\/de\/wp-json\/wp\/v2\/types\/post"}],"author":[{"embeddable":true,"href":"https:\/\/www.wheeleo.eu\/de\/wp-json\/wp\/v2\/users\/1"}],"replies":[{"embeddable":true,"href":"https:\/\/www.wheeleo.eu\/de\/wp-json\/wp\/v2\/comments?post=20040"}],"version-history":[{"count":1,"href":"https:\/\/www.wheeleo.eu\/de\/wp-json\/wp\/v2\/posts\/20040\/revisions"}],"predecessor-version":[{"id":20044,"href":"https:\/\/www.wheeleo.eu\/de\/wp-json\/wp\/v2\/posts\/20040\/revisions\/20044"}],"wp:featuredmedia":[{"embeddable":true,"href":"https:\/\/www.wheeleo.eu\/de\/wp-json\/wp\/v2\/media\/20041"}],"wp:attachment":[{"href":"https:\/\/www.wheeleo.eu\/de\/wp-json\/wp\/v2\/media?parent=20040"}],"wp:term":[{"taxonomy":"category","embeddable":true,"href":"https:\/\/www.wheeleo.eu\/de\/wp-json\/wp\/v2\/categories?post=20040"},{"taxonomy":"post_tag","embeddable":true,"href":"https:\/\/www.wheeleo.eu\/de\/wp-json\/wp\/v2\/tags?post=20040"},{"taxonomy":"profils-type","embeddable":true,"href":"https:\/\/www.wheeleo.eu\/de\/wp-json\/wp\/v2\/profils-type?post=20040"},{"taxonomy":"expertise","embeddable":true,"href":"https:\/\/www.wheeleo.eu\/de\/wp-json\/wp\/v2\/expertise?post=20040"},{"taxonomy":"situation","embeddable":true,"href":"https:\/\/www.wheeleo.eu\/de\/wp-json\/wp\/v2\/situation?post=20040"},{"taxonomy":"profils-et-pathologies","embeddable":true,"href":"https:\/\/www.wheeleo.eu\/de\/wp-json\/wp\/v2\/profils-et-pathologies?post=20040"}],"curies":[{"name":"wp","href":"https:\/\/api.w.org\/{rel}","templated":true}]}}