{"id":19607,"date":"2025-06-12T14:13:43","date_gmt":"2025-06-12T12:13:43","guid":{"rendered":"https:\/\/www.wheeleo.eu\/die-innovation-unter-den-technischen-hilfsmitteln-praesentiert-von-rehacareduesseldorf\/"},"modified":"2025-12-19T10:46:39","modified_gmt":"2025-12-19T09:46:39","slug":"die-innovation-unter-den-technischen-hilfsmitteln-praesentiert-von-rehacareduesseldorf","status":"publish","type":"post","link":"https:\/\/www.wheeleo.eu\/de\/die-innovation-unter-den-technischen-hilfsmitteln-praesentiert-von-rehacareduesseldorf\/","title":{"rendered":"Die Innovation unter den technischen Hilfsmitteln pr\u00e4sentiert von \u202a@REHACAREDuesseldorf\u202c"},"content":{"rendered":"\n<figure class=\"wp-block-embed is-type-video is-provider-youtube wp-block-embed-youtube wp-embed-aspect-16-9 wp-has-aspect-ratio\"><div class=\"wp-block-embed__wrapper\">\n<iframe title=\"Wheeleo\u00ae : L&#039;innovation parmi les aides techniques pr\u00e9sent\u00e9 par @REHACAREDuesseldorf\" width=\"800\" height=\"450\" src=\"https:\/\/www.youtube.com\/embed\/iqpwKdV7b10?feature=oembed\" frameborder=\"0\" allow=\"accelerometer; autoplay; clipboard-write; encrypted-media; gyroscope; picture-in-picture; web-share\" referrerpolicy=\"strict-origin-when-cross-origin\" allowfullscreen><\/iframe>\n<\/div><\/figure>\n\n<p><strong>Rehacare-Reportage: Das Wheeleo\u00ae im Fokus mit Benutzerberichten<\/strong><\/p>\n\n<p>Anl\u00e4sslich der internationalen Fachmesse <strong>Rehacare<\/strong> beleuchtet ein Bericht das <strong>Wheeleo\u00ae<\/strong> durch <strong>Patientenberichte<\/strong> und <strong>Aussagen von Gesundheitsfachkr\u00e4ften<\/strong>. Dieser H\u00f6hepunkt erm\u00f6glicht ein besseres Verst\u00e4ndnis des <strong>konkreten Einflusses<\/strong> dieser Gehhilfe auf die <strong>Lebensqualit\u00e4t<\/strong> von Menschen mit Behinderung oder in Rehabilitation. <\/p>\n\n<p>Bei <strong>Wheeleo\u00ae<\/strong> ist unsere Mission klar: <strong>maximale Freiheit zu bieten<\/strong> Menschen, die <strong>Gehschwierigkeiten<\/strong> haben, sei es nach einem <strong>Schlaganfall<\/strong>, einem <strong>Unfall<\/strong> oder im Rahmen eines <strong>progressiven Autonomieverlusts<\/strong>.<\/p>\n\n<p>Dank seines <strong>einzigartigen Designs<\/strong> hebt sich das <strong>Wheeleo\u00ae<\/strong> von <strong>klassischen Rollatoren<\/strong> ab. <strong>Wendbar<\/strong>, <strong>kompakt<\/strong> und <strong>stabil<\/strong> erm\u00f6glicht es ein <strong>fl\u00fcssigeres Gehen<\/strong>, ohne das Ger\u00e4t bei jedem Schritt anheben zu m\u00fcssen. Seine <strong>vier festen R\u00e4der<\/strong> gew\u00e4hrleisten <strong>konstante Unterst\u00fctzung<\/strong> und f\u00f6rdern <strong>Vertrauen<\/strong>, <strong>Bewegungseffizienz<\/strong> und <strong>Sicherheit<\/strong>. <\/p>\n\n<p>In diesem Bericht berichtet <strong>Anne-Catherine<\/strong> von ihren Erfahrungen: Als Nutzerin des <strong>Wheeleo\u00ae<\/strong> seit <strong>vier Jahren<\/strong> erkl\u00e4rt sie, wie dieses Hilfsmittel ihr geholfen hat, <strong>ihre t\u00e4gliche Unabh\u00e4ngigkeit wiederzuerlangen<\/strong>. Ihr Weg veranschaulicht perfekt das Ziel des <strong>Wheeleo\u00ae<\/strong>: denjenigen, die es brauchen, <strong>Bewegung<\/strong>, <strong>Freiheit<\/strong> und <strong>W\u00fcrde zur\u00fcckzugeben<\/strong>. <\/p>\n\n<p><strong>Von einem Physiotherapeuten entwickelt<\/strong> und <strong>in Belgien hergestellt<\/strong> in einer Werkstatt, die die <strong>Inklusion von Menschen mit Behinderung<\/strong> f\u00f6rdert, f\u00fcgt sich das <strong>Wheeleo\u00ae<\/strong> in einen <strong>menschlichen<\/strong> und <strong>innovativen<\/strong> Ansatz im Dienste der <strong>Mobilit\u00e4t<\/strong> ein.<\/p>\n","protected":false},"excerpt":{"rendered":"<p>Rehacare-Reportage: Das Wheeleo\u00ae im Fokus mit Benutzerberichten Anl\u00e4sslich der internationalen Fachmesse Rehacare beleuchtet ein Bericht das Wheeleo\u00ae durch Patientenberichte und Aussagen von Gesundheitsfachkr\u00e4ften. Dieser H\u00f6hepunkt erm\u00f6glicht ein besseres Verst\u00e4ndnis des konkreten Einflusses dieser Gehhilfe auf die Lebensqualit\u00e4t von Menschen mit Behinderung oder in Rehabilitation. Bei Wheeleo\u00ae ist unsere Mission klar: maximale Freiheit zu bieten Menschen, [&hellip;]<\/p>\n","protected":false},"author":1,"featured_media":19608,"comment_status":"closed","ping_status":"closed","sticky":false,"template":"","format":"standard","meta":{"footnotes":""},"categories":[403],"tags":[],"profils-type":[],"expertise":[405,404],"situation":[],"profils-et-pathologies":[399],"class_list":["post-19607","post","type-post","status-publish","format-standard","has-post-thumbnail","hentry","category-referenzen","expertise-benutzerberichte","expertise-expertenreferenzen","profils-et-pathologies-hemiplegie"],"_links":{"self":[{"href":"https:\/\/www.wheeleo.eu\/de\/wp-json\/wp\/v2\/posts\/19607","targetHints":{"allow":["GET"]}}],"collection":[{"href":"https:\/\/www.wheeleo.eu\/de\/wp-json\/wp\/v2\/posts"}],"about":[{"href":"https:\/\/www.wheeleo.eu\/de\/wp-json\/wp\/v2\/types\/post"}],"author":[{"embeddable":true,"href":"https:\/\/www.wheeleo.eu\/de\/wp-json\/wp\/v2\/users\/1"}],"replies":[{"embeddable":true,"href":"https:\/\/www.wheeleo.eu\/de\/wp-json\/wp\/v2\/comments?post=19607"}],"version-history":[{"count":1,"href":"https:\/\/www.wheeleo.eu\/de\/wp-json\/wp\/v2\/posts\/19607\/revisions"}],"predecessor-version":[{"id":19609,"href":"https:\/\/www.wheeleo.eu\/de\/wp-json\/wp\/v2\/posts\/19607\/revisions\/19609"}],"wp:featuredmedia":[{"embeddable":true,"href":"https:\/\/www.wheeleo.eu\/de\/wp-json\/wp\/v2\/media\/19608"}],"wp:attachment":[{"href":"https:\/\/www.wheeleo.eu\/de\/wp-json\/wp\/v2\/media?parent=19607"}],"wp:term":[{"taxonomy":"category","embeddable":true,"href":"https:\/\/www.wheeleo.eu\/de\/wp-json\/wp\/v2\/categories?post=19607"},{"taxonomy":"post_tag","embeddable":true,"href":"https:\/\/www.wheeleo.eu\/de\/wp-json\/wp\/v2\/tags?post=19607"},{"taxonomy":"profils-type","embeddable":true,"href":"https:\/\/www.wheeleo.eu\/de\/wp-json\/wp\/v2\/profils-type?post=19607"},{"taxonomy":"expertise","embeddable":true,"href":"https:\/\/www.wheeleo.eu\/de\/wp-json\/wp\/v2\/expertise?post=19607"},{"taxonomy":"situation","embeddable":true,"href":"https:\/\/www.wheeleo.eu\/de\/wp-json\/wp\/v2\/situation?post=19607"},{"taxonomy":"profils-et-pathologies","embeddable":true,"href":"https:\/\/www.wheeleo.eu\/de\/wp-json\/wp\/v2\/profils-et-pathologies?post=19607"}],"curies":[{"name":"wp","href":"https:\/\/api.w.org\/{rel}","templated":true}]}}